{"id":511,"date":"2007-10-24T07:48:00","date_gmt":"2007-10-24T07:48:00","guid":{"rendered":"\/blog\/?p=511"},"modified":"2012-04-30T23:58:13","modified_gmt":"2012-04-30T21:58:13","slug":"ombre_et_lumiere_-_vegetal_et_mineral","status":"publish","type":"post","link":"https:\/\/www.polom.org\/blog\/posts\/511\/ombre_et_lumiere_-_vegetal_et_mineral","title":{"rendered":"Ombre et lumi\u00e8re &#8211; V\u00e9g\u00e9tal et min\u00e9ral"},"content":{"rendered":"<p><img decoding=\"async\" src=\"\/blog\/wp-content\/uploads\/imports\/exp_DSC4438.jpg\" alt=\"\" \/><\/p>\n<p>Et la boucle est boucl\u00e9e.<\/p>\n<p>Marc.<\/p>\n","protected":false},"excerpt":{"rendered":"<p>&#8230;<\/p>\n","protected":false},"author":1,"featured_media":0,"comment_status":"open","ping_status":"open","sticky":false,"template":"","format":"standard","meta":{"footnotes":""},"categories":[1],"tags":[65,109,137],"_links":{"self":[{"href":"https:\/\/www.polom.org\/blog\/wp-json\/wp\/v2\/posts\/511"}],"collection":[{"href":"https:\/\/www.polom.org\/blog\/wp-json\/wp\/v2\/posts"}],"about":[{"href":"https:\/\/www.polom.org\/blog\/wp-json\/wp\/v2\/types\/post"}],"author":[{"embeddable":true,"href":"https:\/\/www.polom.org\/blog\/wp-json\/wp\/v2\/users\/1"}],"replies":[{"embeddable":true,"href":"https:\/\/www.polom.org\/blog\/wp-json\/wp\/v2\/comments?post=511"}],"version-history":[{"count":3,"href":"https:\/\/www.polom.org\/blog\/wp-json\/wp\/v2\/posts\/511\/revisions"}],"predecessor-version":[{"id":1968,"href":"https:\/\/www.polom.org\/blog\/wp-json\/wp\/v2\/posts\/511\/revisions\/1968"}],"wp:attachment":[{"href":"https:\/\/www.polom.org\/blog\/wp-json\/wp\/v2\/media?parent=511"}],"wp:term":[{"taxonomy":"category","embeddable":true,"href":"https:\/\/www.polom.org\/blog\/wp-json\/wp\/v2\/categories?post=511"},{"taxonomy":"post_tag","embeddable":true,"href":"https:\/\/www.polom.org\/blog\/wp-json\/wp\/v2\/tags?post=511"}],"curies":[{"name":"wp","href":"https:\/\/api.w.org\/{rel}","templated":true}]}}