{"id":2185,"date":"2012-05-13T14:49:52","date_gmt":"2012-05-13T12:49:52","guid":{"rendered":"http:\/\/www.polom.org\/blog\/?p=2185"},"modified":"2016-08-05T21:54:15","modified_gmt":"2016-08-05T19:54:15","slug":"application-de-la-loi-de-requisition","status":"publish","type":"post","link":"https:\/\/www.polom.org\/blog\/posts\/2185\/application-de-la-loi-de-requisition","title":{"rendered":"Application de la loi de r\u00e9quisition"},"content":{"rendered":"<p>Accrochez les ceintures, on part il y a 20 ans.<\/p>\n<p>On est en 1992. Je suis jeune. Insouciant. 20 ans tout mouill\u00e9. Pas encore trop d&rsquo;id\u00e9es sur ce que je vais faire de ma peau.<br \/>\nJ&rsquo;ai un couple d&rsquo;amis qui militent au DAL. Un toit c&rsquo;est un droit.<br \/>\nIls agissent pour aider ceux qui en ont besoin. Ils me racontent les actions, la \u00ab\u00a0loi de r\u00e9quisition\u00a0\u00bb, une ordonnance de 1945 qui permet \u00e0 l&rsquo;Etat de r\u00e9quisitionner des logements vides.<\/p>\n<p>Une r\u00e9quisition c&rsquo;est un travail de pr\u00e9paration.<\/p>\n<p>Ils trouvent un immeuble vide, appartenant \u00e0 une entreprise ou grand groupe public par ex. Cet immeuble est \u00ab\u00a0r\u00e9quisitionn\u00e9\u00a0\u00bb, investi par les militants, dans une action publique et symbolique, mais pas que. Pendant quelques jours ou quelques mois (ou parfois seulement quelques heures), des familles trouvent un toit \u00e0 mettre sur leurs t\u00eates. Parce que tu sais : \u00ab\u00a0sans toit je meurs\u00a0\u00bb.<\/p>\n<p>Alors avec ces amis, j&rsquo;ai particip\u00e9 \u00e0 quelques actions, et fait des photos.<\/p>\n<p>Celle-ci a \u00e9t\u00e9 prise lors de la r\u00e9quisition d&rsquo;un immeuble appartenant \u00e0 EDF et vide depuis des ann\u00e9es.<\/p>\n<p>Les militants agissent pour des familles qui sont dans des situations complexes, dures. C&rsquo;est pas du luxe. Je croise l&rsquo;Abb\u00e9 Pierre.<\/p>\n<p>Bien s\u00fbr tu as entendu parler des marchands de sommeil. Mais il y a aussi les abris de fortunes, des mini-bidonvilles.C&rsquo;est comme \u00e7a qu&rsquo;un jour j&rsquo;ai accompagn\u00e9 cette amie. Elle m&rsquo;a propos\u00e9 de l&rsquo;accompagner. On allait rendre visite \u00e0 des familles. Pas loin. A Saint Denis. Ca s&rsquo;appelle Le Cornillon ce coin. On y va en m\u00e9tro. Et puis \u00e0 pied quand m\u00eame. Presque en ville. C&rsquo;est pas loin.<\/p>\n<p>Tu longes une voie expresse, passes sous une autoroute, longe le canal. Voil\u00e0. Tu te glisses par un trou dans une palissade.<\/p>\n<p>L\u00e0 tu commences \u00e0 sentir que tu as fait du chemin. C&rsquo;est plein de verdure, mais c&rsquo;est pas le Luxembourg. Dans un coin il y a des batteries. Tu aper\u00e7ois des planches, du plastique. Dans ton cerveau \u00e7a fait clic et re-clic. Tu percutes. C&rsquo;est une maison.<\/p>\n<p>Quand je dis maison, tu me comprends. <a href=\"http:\/\/www.polom.org\/blog\/posts\/107\/un_toit_c-est_un_droit\">Un abri. Une cabane<\/a>. Mais eux c&rsquo;est pas pour jouer.<br \/>\nTu sens que tu as fait plus que les quelques kilom\u00e8tres qui te s\u00e9parent de chez toi. Ca ressemble plus \u00e0 des ann\u00e9es lumi\u00e8re.<\/p>\n<p>Leur cabane, elle tient. Il y a des sortes de fen\u00eatres m\u00eame, et un lit. Une table. <a href=\"http:\/\/www.polom.org\/blog\/posts\/110\/dans_la_cabane\">Confort moderne<\/a>.<\/p>\n<p><a href=\"http:\/\/www.polom.org\/blog\/posts\/108\/au_stade_de_france\">Les l\u00e9go de la petite c&rsquo;est des batteries de voiture<\/a>. Ses fringues sont crades, trou\u00e9es. Sa t\u00e9tine qui pend est un ovni.<br \/>\n<a href=\"http:\/\/www.polom.org\/blog\/posts\/109\/suite\">Elle habite l\u00e0, dans cette \u00ab\u00a0maison\u00a0\u00bb, avec sa grande soeur<\/a> et leurs parents.<\/p>\n<p>Tu te demandes ce qu&rsquo;ils ont fait pour habiter l\u00e0. Ou alors pourquoi ils ne pr\u00e9f\u00e8rent pas habiter dans une vraie maison.La m\u00e8re est employ\u00e9e. Elle travaille comme dame de service dans un \u00e9tablissement public, touche un salaire. D\u00e9clar\u00e9e. Le p\u00e8re bricole.<br \/>\nIls ont les moyens de payer un loyer mais c&rsquo;est pas les meilleures r\u00e9f\u00e9rences pour les loueurs visiblement.<\/p>\n<p>Sur le m\u00eame terrain il y a deux ou trois autres cabanes. Dont une tr\u00e8s \u00e9labor\u00e9e. Une tente aussi. Pas tr\u00e8s \u00e9labor\u00e9e.<\/p>\n<p>On est l\u00e0 parce que tous ces gens vont \u00eatre relog\u00e9s. Tu comprends, ils ne peuvent pas rester l\u00e0. On va construire. Un stade. Un Grand Stade. On aper\u00e7oit pas loin les buldozers, qui se sont mis en action r\u00e9cemment. <a href=\"http:\/\/www.polom.org\/blog\/posts\/2187\/pleyel\">La Tour Pleyel n&rsquo;est pas loin<\/a>.<\/p>\n<p>En fait c&rsquo;est en rentrant chez moi le soir que le blast a frapp\u00e9. Dans mon appartement, dans ma chambre. 30mn de trajet, 100 ans de d\u00e9calage. Le m\u00e9tro du matin devait \u00eatre une machine \u00e0 remonter le temps. Je ne vois que \u00e7a. Ce matin l\u00e0 en venant je crois que j&rsquo;ai accidentellement franchi une fronti\u00e8re inter-dimensionnelle. Ca ne pouvait pas \u00eatre le m\u00eame monde.<\/p>\n<p>On est en 2012 et ces images sont toujours d&rsquo;actualit\u00e9. Il a toujours des gens \u00e0 la rue, des mal log\u00e9s, des cabanes.\u00a0Peut-\u00eatre m\u00eame plus qu&rsquo;alors.<\/p>\n<p>Ces photos se retrouvent <a href=\"http:\/\/www.polom.org\/blog\/tag\/dal\">ici sous le tag DAL<\/a>.<\/p>\n","protected":false},"excerpt":{"rendered":"<p>Accrochez les ceintures, on part il y a 20 ans. On est en 1992. Je suis jeune. Insouciant. 20 ans tout mouill\u00e9. Pas encore trop d&rsquo;id\u00e9es sur ce&#8230;<\/p>\n","protected":false},"author":1,"featured_media":2186,"comment_status":"open","ping_status":"open","sticky":false,"template":"","format":"standard","meta":{"footnotes":""},"categories":[1],"tags":[4,90,91],"_links":{"self":[{"href":"https:\/\/www.polom.org\/blog\/wp-json\/wp\/v2\/posts\/2185"}],"collection":[{"href":"https:\/\/www.polom.org\/blog\/wp-json\/wp\/v2\/posts"}],"about":[{"href":"https:\/\/www.polom.org\/blog\/wp-json\/wp\/v2\/types\/post"}],"author":[{"embeddable":true,"href":"https:\/\/www.polom.org\/blog\/wp-json\/wp\/v2\/users\/1"}],"replies":[{"embeddable":true,"href":"https:\/\/www.polom.org\/blog\/wp-json\/wp\/v2\/comments?post=2185"}],"version-history":[{"count":4,"href":"https:\/\/www.polom.org\/blog\/wp-json\/wp\/v2\/posts\/2185\/revisions"}],"predecessor-version":[{"id":2704,"href":"https:\/\/www.polom.org\/blog\/wp-json\/wp\/v2\/posts\/2185\/revisions\/2704"}],"wp:featuredmedia":[{"embeddable":true,"href":"https:\/\/www.polom.org\/blog\/wp-json\/wp\/v2\/media\/2186"}],"wp:attachment":[{"href":"https:\/\/www.polom.org\/blog\/wp-json\/wp\/v2\/media?parent=2185"}],"wp:term":[{"taxonomy":"category","embeddable":true,"href":"https:\/\/www.polom.org\/blog\/wp-json\/wp\/v2\/categories?post=2185"},{"taxonomy":"post_tag","embeddable":true,"href":"https:\/\/www.polom.org\/blog\/wp-json\/wp\/v2\/tags?post=2185"}],"curies":[{"name":"wp","href":"https:\/\/api.w.org\/{rel}","templated":true}]}}