{"id":186,"date":"2005-02-03T21:41:00","date_gmt":"2005-02-03T21:41:00","guid":{"rendered":"\/blog\/?p=186"},"modified":"-0001-11-30T00:00:00","modified_gmt":"-0001-11-29T22:00:00","slug":"gubitsch_-_calo","status":"publish","type":"post","link":"https:\/\/www.polom.org\/blog\/posts\/186\/gubitsch_-_calo","title":{"rendered":"Gubitsch &#8211; Calo"},"content":{"rendered":"<p><img src='\/blog\/wp-content\/uploads\/imports\/mini_DSC6532_mix_DSC6533_duotone_brown_464bl2-1-1.jpg'\/><\/p>\n<p>Hier j&rsquo;ai fait une s\u00e9rie de portraits des musiciens Tom\u00e1s Gubitsch et Osvaldo Cal\u00f3,. Cette image n&rsquo;est pas forc\u00e9ment la plus correspondante au duo, ni la plus proche du brief mais je l&rsquo;aime bien \ud83d\ude42<\/p>\n<p><i>Yesterday I made a series of portraits of musicians Tom\u00e1s Gubitsch and Osvaldo Cal\u00f3. This is probably not the most relevant picture of their duet neither the closer to the brief I was given but I like it \ud83d\ude42<\/i><\/p>\n<p>Marc.<\/p>\n","protected":false},"excerpt":{"rendered":"<p>Un portrait&#8230;<\/p>\n","protected":false},"author":1,"featured_media":0,"comment_status":"open","ping_status":"open","sticky":false,"template":"","format":"standard","meta":{"footnotes":""},"categories":[1],"tags":[],"_links":{"self":[{"href":"https:\/\/www.polom.org\/blog\/wp-json\/wp\/v2\/posts\/186"}],"collection":[{"href":"https:\/\/www.polom.org\/blog\/wp-json\/wp\/v2\/posts"}],"about":[{"href":"https:\/\/www.polom.org\/blog\/wp-json\/wp\/v2\/types\/post"}],"author":[{"embeddable":true,"href":"https:\/\/www.polom.org\/blog\/wp-json\/wp\/v2\/users\/1"}],"replies":[{"embeddable":true,"href":"https:\/\/www.polom.org\/blog\/wp-json\/wp\/v2\/comments?post=186"}],"version-history":[{"count":1,"href":"https:\/\/www.polom.org\/blog\/wp-json\/wp\/v2\/posts\/186\/revisions"}],"predecessor-version":[{"id":1309,"href":"https:\/\/www.polom.org\/blog\/wp-json\/wp\/v2\/posts\/186\/revisions\/1309"}],"wp:attachment":[{"href":"https:\/\/www.polom.org\/blog\/wp-json\/wp\/v2\/media?parent=186"}],"wp:term":[{"taxonomy":"category","embeddable":true,"href":"https:\/\/www.polom.org\/blog\/wp-json\/wp\/v2\/categories?post=186"},{"taxonomy":"post_tag","embeddable":true,"href":"https:\/\/www.polom.org\/blog\/wp-json\/wp\/v2\/tags?post=186"}],"curies":[{"name":"wp","href":"https:\/\/api.w.org\/{rel}","templated":true}]}}