{"id":176,"date":"2005-01-21T10:30:00","date_gmt":"2005-01-21T10:30:00","guid":{"rendered":"\/blog\/?p=176"},"modified":"2011-10-23T11:08:19","modified_gmt":"2011-10-23T09:08:19","slug":"personnage_de_marc","status":"publish","type":"post","link":"https:\/\/www.polom.org\/blog\/posts\/176\/personnage_de_marc","title":{"rendered":"Personnage de Marc"},"content":{"rendered":"<p><img decoding=\"async\" src=\"\/blog\/wp-content\/uploads\/imports\/mini_20030614_001_dedicace_robert_doisneau-1.jpg\" alt=\"\" \/><\/p>\n<p>\u00ab\u00a0Je suis un personnage de Marc ce samedi 29 novembre 1986. Robert Doisneau\u00a0\u00bb.<br \/>\nJ&rsquo;avais donc 14 ans ce samedi quand mon p\u00e8re m&rsquo;a emmen\u00e9 sur le plateau du journal de 13h d&rsquo;Antenne 2 qui \u00e9tait ce jour l\u00e0 au Cr\u00e9dit Foncier de France \u00e0 l&rsquo;occasion d&rsquo;une exposition consacr\u00e9e \u00e0 Robert Doisneau. Super journ\u00e9e ! J&rsquo;avais vu No\u00ebl Mam\u00e8re (qui pr\u00e9sentait le journal), vu les coulisses du journal, visit\u00e9 le Cr\u00e9dit Foncier et une salle des coffres, et&#8230; parl\u00e9 avec Robert Doisneau. Je ne sais plus ce qu&rsquo;on s&rsquo;est racont\u00e9. Il \u00e9tait super gentil. Je m&rsquo;int\u00e9ressai d\u00e9j\u00e0 un peu \u00e0 la photo. On m&rsquo;a offert un super bouquin que j&rsquo;ai toujours et Doisneau m&rsquo;a \u00e9crit ce petit mot sur un papier que j&rsquo;ai pr\u00e9ciseument gliss\u00e9 dedans. C&rsquo;est un de mes tr\u00e9sors. Ce n&rsquo;est que plus tard que j&rsquo;ai compris tout le sens de ce petit mot et son humour \ud83d\ude42<\/p>\n<p>\u00ab\u00a0Je suis un personnage de Marc ce samedi 29 novembre 1986. Robert Doisneau\u00a0\u00bb.<em><br \/>\nNot an easy translation. This means \u00ab\u00a0I&rsquo;m a character of Marc\u00a0\u00bb and sounds like \u00ab\u00a0I am famous\u00a0\u00bb. I was 14 that saturday morning when my father took me to the TV set in <\/em>Cr\u00e9dit Foncier de France In Paris (Place Vend\u00f4me I think). The mid-day TV news  was shot there because Credit Foncier made a Doisneau display and a book. So I had the opporunity to see the newscaster, visit the set, the Credit Foncier and it&rsquo;s safe, and&#8230; talk to Doisneau. He was very kind. I was interested in photography. That was a nice encounter. I can&rsquo;t really remember what we talked about but I keep a good feeling. I was offered the book and Doisneau wrote that note for me. I since kept it as a treasure in the book. I fully understood it on ly later \ud83d\ude42<\/p>\n<p>Marc.<\/p>\n","protected":false},"excerpt":{"rendered":"<p>Robert Doisneau<\/p>\n","protected":false},"author":1,"featured_media":0,"comment_status":"open","ping_status":"open","sticky":false,"template":"","format":"standard","meta":{"footnotes":""},"categories":[1],"tags":[26],"_links":{"self":[{"href":"https:\/\/www.polom.org\/blog\/wp-json\/wp\/v2\/posts\/176"}],"collection":[{"href":"https:\/\/www.polom.org\/blog\/wp-json\/wp\/v2\/posts"}],"about":[{"href":"https:\/\/www.polom.org\/blog\/wp-json\/wp\/v2\/types\/post"}],"author":[{"embeddable":true,"href":"https:\/\/www.polom.org\/blog\/wp-json\/wp\/v2\/users\/1"}],"replies":[{"embeddable":true,"href":"https:\/\/www.polom.org\/blog\/wp-json\/wp\/v2\/comments?post=176"}],"version-history":[{"count":2,"href":"https:\/\/www.polom.org\/blog\/wp-json\/wp\/v2\/posts\/176\/revisions"}],"predecessor-version":[{"id":1693,"href":"https:\/\/www.polom.org\/blog\/wp-json\/wp\/v2\/posts\/176\/revisions\/1693"}],"wp:attachment":[{"href":"https:\/\/www.polom.org\/blog\/wp-json\/wp\/v2\/media?parent=176"}],"wp:term":[{"taxonomy":"category","embeddable":true,"href":"https:\/\/www.polom.org\/blog\/wp-json\/wp\/v2\/categories?post=176"},{"taxonomy":"post_tag","embeddable":true,"href":"https:\/\/www.polom.org\/blog\/wp-json\/wp\/v2\/tags?post=176"}],"curies":[{"name":"wp","href":"https:\/\/api.w.org\/{rel}","templated":true}]}}